{"id":536,"date":"2014-12-07T19:40:45","date_gmt":"2014-12-07T17:40:45","guid":{"rendered":"http:\/\/www.vaajakoskentera.com\/kurkocup14\/?p=536"},"modified":"2014-12-08T08:08:19","modified_gmt":"2014-12-08T06:08:19","slug":"spa-kurko-teranmaan-edenissa","status":"publish","type":"post","link":"https:\/\/www.vaajakoskentera.com\/kurkocup14\/2014\/12\/07\/spa-kurko-teranmaan-edenissa\/","title":{"rendered":"SPA-Kurko Ter\u00e4nmaan Edeniss\u00e4"},"content":{"rendered":"<p>&nbsp;<\/p>\n<p>Tervetuloa kauden viimeiseen koitokseen <a href=\"http:\/\/villajaaskela.fi\/tilat\/minikylpyla\/\" title=\"Ter\u00e4nmaan Eden\" target=\"_blank\">Ter\u00e4nmaan Edeniin<\/a> &#8211; Ter\u00e4n uuteen talviharjoittekukeskukseen. Kauden ylij\u00e4\u00e4m\u00e4varoilla saneerasimme kylm\u00e4vesisuihkun poreilevaksi kylpyl\u00e4ksi, joka nyt korkataan auki <a href=\"http:\/\/kartta.jkl.fi\/IMS\/?layers=Opaskartta&amp;cp=6897800,493360&amp;z=4&amp;title=Ter%C3%A4%20eden%20kurko%2011.12%202014\" title=\"Kilpailukeskus\" target=\"_blank\">Kurko-cupin viimeisess\u00e4 osakilpailussa<\/a>.<\/p>\n<p>Aluksi kuitenkin v\u00e4h\u00e4n ulkoillaan juuri harjoituskiellosta vapautuneessa maastossa, maastossa jonka vuoksi kisan voisi uudelleen nimet\u00e4 vaikkapa Mammari Kurkoksi- ainoastaan kaksi m\u00e4ke\u00e4 on yli 80 m ja nelj\u00e4 j\u00e4\u00e4 vajaaseen 50m korkeuseroiltaan. H\u00e4t\u00e4inen kartantekij\u00e4 on ottanut jopa alle 2m kivi\u00e4 kartalle &#8211; mik\u00e4 on ennenkuulumatonta t\u00e4m\u00e4n kauden vormaatissa, pienimpi\u00e4 puitakin on merkattu kartalle.<\/p>\n<p><a href=\"http:\/\/www.vaajakoskentera.com\/kurkocup14\/wp-content\/uploads\/sites\/6\/2014\/12\/20141211_Spa1.jpg\"><img loading=\"lazy\" decoding=\"async\" src=\"http:\/\/www.vaajakoskentera.com\/kurkocup14\/wp-content\/uploads\/sites\/6\/2014\/12\/20141211_Spa1.jpg\" alt=\"20141211_Spa1\" width=\"640\" height=\"640\" class=\"aligncenter size-full wp-image-538\" srcset=\"https:\/\/www.vaajakoskentera.com\/kurkocup14\/wp-content\/uploads\/sites\/6\/2014\/12\/20141211_Spa1.jpg 640w, https:\/\/www.vaajakoskentera.com\/kurkocup14\/wp-content\/uploads\/sites\/6\/2014\/12\/20141211_Spa1-150x150.jpg 150w, https:\/\/www.vaajakoskentera.com\/kurkocup14\/wp-content\/uploads\/sites\/6\/2014\/12\/20141211_Spa1-300x300.jpg 300w\" sizes=\"auto, (max-width: 640px) 100vw, 640px\" \/><\/a><\/p>\n<p>Ettei aivan mene itkuks, niin puolet maastosta, ei niin kuin Vaara kurkossa oli tsekkil\u00e4istyyppist\u00e4, niin nyt on Tue Lassenin kunniaksi Tanskalaistyyppist\u00e4 &#8211; se millaista se on t\u00e4ytyy tulla itse kokemaan.<\/p>\n<p><a href=\"http:\/\/www.vaajakoskentera.com\/kurkocup14\/wp-content\/uploads\/sites\/6\/2014\/12\/20141211_Spa2.jpg\"><img loading=\"lazy\" decoding=\"async\" src=\"http:\/\/www.vaajakoskentera.com\/kurkocup14\/wp-content\/uploads\/sites\/6\/2014\/12\/20141211_Spa2.jpg\" alt=\"20141211_Spa2\" width=\"640\" height=\"368\" class=\"aligncenter size-full wp-image-539\" srcset=\"https:\/\/www.vaajakoskentera.com\/kurkocup14\/wp-content\/uploads\/sites\/6\/2014\/12\/20141211_Spa2.jpg 640w, https:\/\/www.vaajakoskentera.com\/kurkocup14\/wp-content\/uploads\/sites\/6\/2014\/12\/20141211_Spa2-300x172.jpg 300w, https:\/\/www.vaajakoskentera.com\/kurkocup14\/wp-content\/uploads\/sites\/6\/2014\/12\/20141211_Spa2-150x86.jpg 150w\" sizes=\"auto, (max-width: 640px) 100vw, 640px\" \/><\/a><\/p>\n<p>Siis t\u00e4rkeimm\u00e4t faktat viel\u00e4:<br \/>\n&#8211; pys\u00e4k\u00f6inti, kisakeskus, l\u00e4ht\u00f6 ja maalista saunaan alle 30m<br \/>\n&#8211; kartta n. 7500<br \/>\n&#8211; matkat 6,9, 4,9 ja 2.0 km<br \/>\n-kisan j\u00e4lkeen suuri palkintojen jako spektaakkeli saunatiloissa.<\/p>\n<p>Pyyhe, makkarat ja virvoitusjuomat siis matkaan, sauna ja kylpyl\u00e4 k\u00e4yt\u00f6ss\u00e4 kisan j\u00e4lkeen kaikelle kurkokansalle, saunominen ei edellyt\u00e4 kilpailemista &#8211; eli kaikki mukaan kauden p\u00e4\u00e4t\u00f6sKurkojuhlaan.<\/p>\n<p>&nbsp;<\/p>\n<p>Harjoituskiltojulistus silloiselta maanomistajalta vuodelta 1823, jota ei ole peruttu;<br \/>\n<em>Suhteet Uddeg\u00e5rdin ja naapurien v\u00e4lill\u00e4 eiv\u00e4t olleet hyv\u00e4t, ja maillaan harjoitetun ilkivallan vuoksi sai talon is\u00e4nt\u00e4 k\u00e4r\u00e4jill\u00e4 aikaan p\u00e4\u00e4t\u00f6ksen, jolla liikkuminen Uddeg\u00e5rdin tilan mailla kiellettiin &#8221;viiden pankkoriksin sakon uhalla&#8221;. Jotta syytt\u00f6m\u00e4t ihmiset eiv\u00e4t olisi harhautuneet kielletyille alueille, piti Rosenbr\u00f6jerin kuulututtaa uhkasakko joka vuosi kappelin kirkossa.<br \/>\n<\/em><\/p>\n<p>&nbsp;<\/p>\n","protected":false},"excerpt":{"rendered":"<p>&nbsp; Tervetuloa kauden viimeiseen koitokseen Ter\u00e4nmaan Edeniin &#8211; Ter\u00e4n uuteen talviharjoittekukeskukseen. Kauden ylij\u00e4\u00e4m\u00e4varoilla saneerasimme kylm\u00e4vesisuihkun poreilevaksi kylpyl\u00e4ksi, joka nyt korkataan auki Kurko-cupin viimeisess\u00e4 osakilpailussa. Aluksi kuitenkin v\u00e4h\u00e4n ulkoillaan juuri harjoituskiellosta vapautuneessa maastossa, maastossa jonka vuoksi kisan voisi uudelleen nimet\u00e4 vaikkapa Mammari Kurkoksi- ainoastaan kaksi m\u00e4ke\u00e4 on yli 80 m ja nelj\u00e4 j\u00e4\u00e4 vajaaseen 50m korkeuseroiltaan. [&hellip;]<\/p>\n","protected":false},"author":33,"featured_media":0,"comment_status":"open","ping_status":"closed","sticky":false,"template":"","format":"standard","meta":{"_monsterinsights_skip_tracking":false,"_monsterinsights_sitenote_active":false,"_monsterinsights_sitenote_note":"","_monsterinsights_sitenote_category":0,"footnotes":""},"categories":[1],"tags":[],"class_list":["post-536","post","type-post","status-publish","format-standard","hentry","category-yleinen"],"_links":{"self":[{"href":"https:\/\/www.vaajakoskentera.com\/kurkocup14\/wp-json\/wp\/v2\/posts\/536","targetHints":{"allow":["GET"]}}],"collection":[{"href":"https:\/\/www.vaajakoskentera.com\/kurkocup14\/wp-json\/wp\/v2\/posts"}],"about":[{"href":"https:\/\/www.vaajakoskentera.com\/kurkocup14\/wp-json\/wp\/v2\/types\/post"}],"author":[{"embeddable":true,"href":"https:\/\/www.vaajakoskentera.com\/kurkocup14\/wp-json\/wp\/v2\/users\/33"}],"replies":[{"embeddable":true,"href":"https:\/\/www.vaajakoskentera.com\/kurkocup14\/wp-json\/wp\/v2\/comments?post=536"}],"version-history":[{"count":5,"href":"https:\/\/www.vaajakoskentera.com\/kurkocup14\/wp-json\/wp\/v2\/posts\/536\/revisions"}],"predecessor-version":[{"id":546,"href":"https:\/\/www.vaajakoskentera.com\/kurkocup14\/wp-json\/wp\/v2\/posts\/536\/revisions\/546"}],"wp:attachment":[{"href":"https:\/\/www.vaajakoskentera.com\/kurkocup14\/wp-json\/wp\/v2\/media?parent=536"}],"wp:term":[{"taxonomy":"category","embeddable":true,"href":"https:\/\/www.vaajakoskentera.com\/kurkocup14\/wp-json\/wp\/v2\/categories?post=536"},{"taxonomy":"post_tag","embeddable":true,"href":"https:\/\/www.vaajakoskentera.com\/kurkocup14\/wp-json\/wp\/v2\/tags?post=536"}],"curies":[{"name":"wp","href":"https:\/\/api.w.org\/{rel}","templated":true}]}}