{"id":409,"date":"2014-11-11T12:27:51","date_gmt":"2014-11-11T10:27:51","guid":{"rendered":"http:\/\/www.vaajakoskentera.com\/kurkocup14\/?p=409"},"modified":"2014-11-11T12:31:49","modified_gmt":"2014-11-11T10:31:49","slug":"horina-kurko-vie-raamatullisiin-maisemiin","status":"publish","type":"post","link":"https:\/\/www.vaajakoskentera.com\/kurkocup14\/2014\/11\/11\/horina-kurko-vie-raamatullisiin-maisemiin\/","title":{"rendered":"Horina-Kurko vie raamatullisiin maisemiin"},"content":{"rendered":"<p>&nbsp;<\/p>\n<p>T\u00e4ll\u00e4 viikolla vie KurkoCup opetuslapsensa vuorelle, jolle jo Mooseskin joutui kipuamaan er\u00e4maavaelluksellansa. <a href=\"http:\/\/www.evl.fi\/raamattu\/1992\/4Moos.20.html#v22\" title=\"Horinvuori\" target=\"_blank\">Horinvuorella<\/a> ratkottiin 14 vuotta sitten pikamatkan Suomenmestaruudet, ja moni t\u00e4m\u00e4nvuotinenkin kurkoilija sai maistaa silloin <a href=\"http:\/\/www.suuntajyvaskyla.fi\/kilpailut\/sm-pika-2000\/a-finaali-tulos\" title=\"SM Pika 2000\" target=\"_blank\">menestyksen mannaa<\/a>. Nyt kun viime viikon lumet on taas saatu sulateltua, p\u00e4\u00e4st\u00e4\u00e4n Horinvuoren kallioista ja notkelmista nauttimaan paljaaltaan.<\/p>\n<p><a href=\"http:\/\/www.vaajakoskentera.com\/kurkocup14\/wp-content\/uploads\/sites\/6\/2014\/11\/20141113_Horina_1.jpg\"><img loading=\"lazy\" decoding=\"async\" src=\"http:\/\/www.vaajakoskentera.com\/kurkocup14\/wp-content\/uploads\/sites\/6\/2014\/11\/20141113_Horina_1.jpg\" alt=\"20141113_Horina_1\" width=\"1472\" height=\"828\" class=\"aligncenter size-full wp-image-410\" srcset=\"https:\/\/www.vaajakoskentera.com\/kurkocup14\/wp-content\/uploads\/sites\/6\/2014\/11\/20141113_Horina_1.jpg 1472w, https:\/\/www.vaajakoskentera.com\/kurkocup14\/wp-content\/uploads\/sites\/6\/2014\/11\/20141113_Horina_1-300x168.jpg 300w, https:\/\/www.vaajakoskentera.com\/kurkocup14\/wp-content\/uploads\/sites\/6\/2014\/11\/20141113_Horina_1-1024x576.jpg 1024w, https:\/\/www.vaajakoskentera.com\/kurkocup14\/wp-content\/uploads\/sites\/6\/2014\/11\/20141113_Horina_1-150x84.jpg 150w\" sizes=\"auto, (max-width: 1472px) 100vw, 1472px\" \/><\/a><\/p>\n<p>Ensimm\u00e4inen rasti on jo paha. Horinvuorelle vie vain <a href=\"http:\/\/kansalaisen.karttapaikka.fi\/linkki?scale=16000&amp;text=Horina-Kurko&amp;srs=EPSG%3A3067&amp;y=6898586&amp;x=449883&amp;lang=fi\" title=\"Kurko-opaste\" target=\"_blank\">yksi kapea tienpahanen<\/a>. Satunnaisia opasteitakin saattaa matkan varrelta l\u00f6yty\u00e4. Tie on kapea, joten <strong>paikoitetaan tiukasti oikeaan laitaan<\/strong>, jotta p\u00e4\u00e4st\u00e4\u00e4n n\u00e4tisti illan mittaan kotiakin kohti. Jyv\u00e4skyl\u00e4st\u00e4 p\u00e4in kokoontuminen kimppakyytiin Viherlandian parkkipaikalta klo 17. Mets\u00e4\u00e4n mahtuu porukkaa mustanaan, mutta mit\u00e4 v\u00e4hemm\u00e4n autoja, sit\u00e4 v\u00e4hemm\u00e4n ruuhkaa kinttupoluilla.<\/p>\n<p>&nbsp;<\/p>\n<p>Kello 18 pamahtavan l\u00e4ht\u00f6laukauksen j\u00e4lkeen elo onkin sitten kurkoilijalle kuin pala is\u00e4np\u00e4iv\u00e4kakkua. Otat vain kartan kauniisti k\u00e4teen ja nautiskelet upeasta suunnistusmaastosta. Ratamestari Pekka Juvakan listalta l\u00f6ytyy t\u00e4ll\u00e4 viikolla 6,0 km, 4,5 km ja 1,8 km pitki\u00e4 lenkkej\u00e4. Rasteja vietiin j\u00e4k\u00e4lien ollessa lumessa ja j\u00e4\u00e4ss\u00e4, eik\u00e4 pienilt\u00e4 lonkka- ja olkap\u00e4\u00e4vaurioilta v\u00e4ltytty. Olkaahan siis varovaisia jyrk\u00e4nteill\u00e4, vaikka keli suosisikin. Optimireitit pysyv\u00e4t pois jyrkimmilt\u00e4 rinteilt\u00e4, joten nautintoa ei voine est\u00e4\u00e4.<\/p>\n<p>&nbsp;<\/p>\n<p>Parhaat kuulemma voittavat, joten tervetuloa koittamaan!<\/p>\n<p>&nbsp;<\/p>\n","protected":false},"excerpt":{"rendered":"<p>&nbsp; T\u00e4ll\u00e4 viikolla vie KurkoCup opetuslapsensa vuorelle, jolle jo Mooseskin joutui kipuamaan er\u00e4maavaelluksellansa. Horinvuorella ratkottiin 14 vuotta sitten pikamatkan Suomenmestaruudet, ja moni t\u00e4m\u00e4nvuotinenkin kurkoilija sai maistaa silloin menestyksen mannaa. Nyt kun viime viikon lumet on taas saatu sulateltua, p\u00e4\u00e4st\u00e4\u00e4n Horinvuoren kallioista ja notkelmista nauttimaan paljaaltaan. Ensimm\u00e4inen rasti on jo paha. Horinvuorelle vie vain yksi kapea [&hellip;]<\/p>\n","protected":false},"author":33,"featured_media":0,"comment_status":"open","ping_status":"closed","sticky":false,"template":"","format":"standard","meta":{"_monsterinsights_skip_tracking":false,"_monsterinsights_sitenote_active":false,"_monsterinsights_sitenote_note":"","_monsterinsights_sitenote_category":0,"footnotes":""},"categories":[1],"tags":[],"class_list":["post-409","post","type-post","status-publish","format-standard","hentry","category-yleinen"],"_links":{"self":[{"href":"https:\/\/www.vaajakoskentera.com\/kurkocup14\/wp-json\/wp\/v2\/posts\/409","targetHints":{"allow":["GET"]}}],"collection":[{"href":"https:\/\/www.vaajakoskentera.com\/kurkocup14\/wp-json\/wp\/v2\/posts"}],"about":[{"href":"https:\/\/www.vaajakoskentera.com\/kurkocup14\/wp-json\/wp\/v2\/types\/post"}],"author":[{"embeddable":true,"href":"https:\/\/www.vaajakoskentera.com\/kurkocup14\/wp-json\/wp\/v2\/users\/33"}],"replies":[{"embeddable":true,"href":"https:\/\/www.vaajakoskentera.com\/kurkocup14\/wp-json\/wp\/v2\/comments?post=409"}],"version-history":[{"count":8,"href":"https:\/\/www.vaajakoskentera.com\/kurkocup14\/wp-json\/wp\/v2\/posts\/409\/revisions"}],"predecessor-version":[{"id":418,"href":"https:\/\/www.vaajakoskentera.com\/kurkocup14\/wp-json\/wp\/v2\/posts\/409\/revisions\/418"}],"wp:attachment":[{"href":"https:\/\/www.vaajakoskentera.com\/kurkocup14\/wp-json\/wp\/v2\/media?parent=409"}],"wp:term":[{"taxonomy":"category","embeddable":true,"href":"https:\/\/www.vaajakoskentera.com\/kurkocup14\/wp-json\/wp\/v2\/categories?post=409"},{"taxonomy":"post_tag","embeddable":true,"href":"https:\/\/www.vaajakoskentera.com\/kurkocup14\/wp-json\/wp\/v2\/tags?post=409"}],"curies":[{"name":"wp","href":"https:\/\/api.w.org\/{rel}","templated":true}]}}