{"id":194,"date":"2014-09-30T07:10:39","date_gmt":"2014-09-30T04:10:39","guid":{"rendered":"http:\/\/www.vaajakoskentera.com\/kurkocup14\/?p=194"},"modified":"2014-09-30T07:13:32","modified_gmt":"2014-09-30T04:13:32","slug":"pohjoisen-paijanteen-hyljeksitty-helmi","status":"publish","type":"post","link":"https:\/\/www.vaajakoskentera.com\/kurkocup14\/2014\/09\/30\/pohjoisen-paijanteen-hyljeksitty-helmi\/","title":{"rendered":"Pohjoisen P\u00e4ij\u00e4nteen hyljeksitty helmi"},"content":{"rendered":"<p>&nbsp;<\/p>\n<p>Kurkojuna palaa t\u00e4ll\u00e4 viikolla alkusyksyn maakuntamatkailun j\u00e4lkeen Jyv\u00e4skyl\u00e4n maastoihin. Nyt p\u00e4\u00e4st\u00e4\u00e4n kuitenkin m\u00e4tt\u00e4ille, joita eiv\u00e4t kurkoilijoiden nastat ole ennen rouhineet. Iso-Urtin niemi Keljonlahden etel\u00e4puolella on tiett\u00e4v\u00e4sti ollut vain kerran suunnistuskilpailun n\u00e4ytt\u00e4m\u00f6n\u00e4: kymmenisen vuotta sitten mitteliv\u00e4t Suomen poliisit voimiaan parin rastin verran my\u00f6s n\u00e4ill\u00e4 kallioilla. Nyt on virkavallan k\u00e4ynnist\u00e4 kulunut jo tarpeeksi, ja Iso-Urtti on valmis ottamaan Kurkon vastaan.<\/p>\n<p><a href=\"http:\/\/www.vaajakoskentera.com\/kurkocup14\/wp-content\/uploads\/sites\/6\/2014\/09\/20141002_Hurtti1.jpg\"><img loading=\"lazy\" decoding=\"async\" class=\"aligncenter size-full wp-image-196\" src=\"http:\/\/www.vaajakoskentera.com\/kurkocup14\/wp-content\/uploads\/sites\/6\/2014\/09\/20141002_Hurtti1.jpg\" alt=\"20141002_Hurtti1\" width=\"640\" height=\"257\" srcset=\"https:\/\/www.vaajakoskentera.com\/kurkocup14\/wp-content\/uploads\/sites\/6\/2014\/09\/20141002_Hurtti1.jpg 640w, https:\/\/www.vaajakoskentera.com\/kurkocup14\/wp-content\/uploads\/sites\/6\/2014\/09\/20141002_Hurtti1-300x120.jpg 300w, https:\/\/www.vaajakoskentera.com\/kurkocup14\/wp-content\/uploads\/sites\/6\/2014\/09\/20141002_Hurtti1-150x60.jpg 150w\" sizes=\"auto, (max-width: 640px) 100vw, 640px\" \/><\/a><\/p>\n<p>Iso-Urttihan on oikeastaan saari; vain kapea kannas yhdist\u00e4\u00e4 sen Kinkoriutan rannoille. 1800-luvun alussa piti viel\u00e4 ainakin kahlata p\u00e4\u00e4st\u00e4kseen nauttimaan saaren antimista. Etel\u00e4osan Urtinvuori paikoin jyrkinkin rinteineen sek\u00e4 pohjoisemmat loivapiirteisemm\u00e4t kankaat tarjoavat kurkokansalle el\u00e4myksellisen illan. Suunnistustaidoistaan ep\u00e4varmemmankaan ei tarvitse olla kovin huolissaan. Kunhan muistaa pys\u00e4hty\u00e4 viimeist\u00e4\u00e4n polvien kastuessa, ei kauas p\u00e4\u00e4se eksym\u00e4\u00e4n.<\/p>\n<p>Maaston kartoittanut Antti H\u00e4kkinen sai Kurko-organisaatiolta tilauksen vanhan liiton Kurko-radoista. Sanotaan, ett\u00e4 sit\u00e4 saa mit\u00e4 tilaa. Kurkon yhteydess\u00e4 vaan vanhat viidakon sanonnat pit\u00e4\u00e4 monesti tulkita uusiksi. Ennakkoon on huhuja kuulunut kuitenkin noin 6,5 ja 4,5 km:n radoista rotuhajonnoilla. Helpon el\u00e4m\u00e4n suunnistajat saavat oman maastonsa ja reilun parin kilometrin radan.<br \/>\nKilpailukeskuksessa ei t\u00e4ll\u00e4 er\u00e4\u00e4 ole valaistusta, asfalttia eik\u00e4 runsaasti paikoitustilaa. Niinp\u00e4 l\u00e4hiymp\u00e4rist\u00f6n kurkoilijoita kunnioitetaan sit\u00e4 enemm\u00e4n, mit\u00e4 kevyemmill\u00e4 kulkupeleill\u00e4 paikalle tulevat ja mit\u00e4 useamman kaverin saavat ajoneuvoonsa mukaan. Kaikille toki l\u00f6ytyy sijansa m\u00e4ntyjen v\u00e4list\u00e4.<\/p>\n<p>Opastus Hurtti-Kurkoon alkaa <a href=\"http:\/\/kansalaisen.karttapaikka.fi\/linkki?scale=16000&amp;text=Hurtti-Kurkon+opastus&amp;srs=EPSG%3A3067&amp;y=6894234&amp;x=434531&amp;lang=fi\" target=\"_blank\">Kinkomaantien ja Erkintien risteyksest\u00e4<\/a>.<\/p>\n<p><strong>Starttiaika on t\u00e4ll\u00e4 viikolla 19.30.<\/strong> Be there!<\/p>\n<p><a href=\"http:\/\/www.vaajakoskentera.com\/kurkocup14\/wp-content\/uploads\/sites\/6\/2014\/09\/20141002_Hurtti2.jpg\"><img loading=\"lazy\" decoding=\"async\" class=\"aligncenter size-full wp-image-197\" src=\"http:\/\/www.vaajakoskentera.com\/kurkocup14\/wp-content\/uploads\/sites\/6\/2014\/09\/20141002_Hurtti2.jpg\" alt=\"20141002_Hurtti2\" width=\"640\" height=\"319\" srcset=\"https:\/\/www.vaajakoskentera.com\/kurkocup14\/wp-content\/uploads\/sites\/6\/2014\/09\/20141002_Hurtti2.jpg 640w, https:\/\/www.vaajakoskentera.com\/kurkocup14\/wp-content\/uploads\/sites\/6\/2014\/09\/20141002_Hurtti2-300x149.jpg 300w, https:\/\/www.vaajakoskentera.com\/kurkocup14\/wp-content\/uploads\/sites\/6\/2014\/09\/20141002_Hurtti2-150x74.jpg 150w\" sizes=\"auto, (max-width: 640px) 100vw, 640px\" \/><\/a><\/p>\n","protected":false},"excerpt":{"rendered":"<p>&nbsp; Kurkojuna palaa t\u00e4ll\u00e4 viikolla alkusyksyn maakuntamatkailun j\u00e4lkeen Jyv\u00e4skyl\u00e4n maastoihin. Nyt p\u00e4\u00e4st\u00e4\u00e4n kuitenkin m\u00e4tt\u00e4ille, joita eiv\u00e4t kurkoilijoiden nastat ole ennen rouhineet. Iso-Urtin niemi Keljonlahden etel\u00e4puolella on tiett\u00e4v\u00e4sti ollut vain kerran suunnistuskilpailun n\u00e4ytt\u00e4m\u00f6n\u00e4: kymmenisen vuotta sitten mitteliv\u00e4t Suomen poliisit voimiaan parin rastin verran my\u00f6s n\u00e4ill\u00e4 kallioilla. Nyt on virkavallan k\u00e4ynnist\u00e4 kulunut jo tarpeeksi, ja Iso-Urtti on [&hellip;]<\/p>\n","protected":false},"author":33,"featured_media":0,"comment_status":"open","ping_status":"closed","sticky":false,"template":"","format":"standard","meta":{"_monsterinsights_skip_tracking":false,"_monsterinsights_sitenote_active":false,"_monsterinsights_sitenote_note":"","_monsterinsights_sitenote_category":0,"footnotes":""},"categories":[1],"tags":[],"class_list":["post-194","post","type-post","status-publish","format-standard","hentry","category-yleinen"],"_links":{"self":[{"href":"https:\/\/www.vaajakoskentera.com\/kurkocup14\/wp-json\/wp\/v2\/posts\/194","targetHints":{"allow":["GET"]}}],"collection":[{"href":"https:\/\/www.vaajakoskentera.com\/kurkocup14\/wp-json\/wp\/v2\/posts"}],"about":[{"href":"https:\/\/www.vaajakoskentera.com\/kurkocup14\/wp-json\/wp\/v2\/types\/post"}],"author":[{"embeddable":true,"href":"https:\/\/www.vaajakoskentera.com\/kurkocup14\/wp-json\/wp\/v2\/users\/33"}],"replies":[{"embeddable":true,"href":"https:\/\/www.vaajakoskentera.com\/kurkocup14\/wp-json\/wp\/v2\/comments?post=194"}],"version-history":[{"count":5,"href":"https:\/\/www.vaajakoskentera.com\/kurkocup14\/wp-json\/wp\/v2\/posts\/194\/revisions"}],"predecessor-version":[{"id":203,"href":"https:\/\/www.vaajakoskentera.com\/kurkocup14\/wp-json\/wp\/v2\/posts\/194\/revisions\/203"}],"wp:attachment":[{"href":"https:\/\/www.vaajakoskentera.com\/kurkocup14\/wp-json\/wp\/v2\/media?parent=194"}],"wp:term":[{"taxonomy":"category","embeddable":true,"href":"https:\/\/www.vaajakoskentera.com\/kurkocup14\/wp-json\/wp\/v2\/categories?post=194"},{"taxonomy":"post_tag","embeddable":true,"href":"https:\/\/www.vaajakoskentera.com\/kurkocup14\/wp-json\/wp\/v2\/tags?post=194"}],"curies":[{"name":"wp","href":"https:\/\/api.w.org\/{rel}","templated":true}]}}