{"id":801,"date":"2013-12-04T22:52:58","date_gmt":"2013-12-04T20:52:58","guid":{"rendered":"http:\/\/www.vaajakoskentera.com\/kurkocup13\/?p=801"},"modified":"2013-12-07T10:43:53","modified_gmt":"2013-12-07T08:43:53","slug":"ratavarrentielta-kajahti","status":"publish","type":"post","link":"https:\/\/www.vaajakoskentera.com\/kurkocup13\/2013\/12\/04\/ratavarrentielta-kajahti\/","title":{"rendered":"Ratavarrentielt\u00e4 kajahti"},"content":{"rendered":"<p>&nbsp;<\/p>\n<p><a href=\"http:\/\/www.vaajakoskentera.com\/kurkocup13\/wp-content\/uploads\/sites\/5\/2013\/12\/Jono1.jpg\"><img loading=\"lazy\" decoding=\"async\" src=\"http:\/\/www.vaajakoskentera.com\/kurkocup13\/wp-content\/uploads\/sites\/5\/2013\/12\/Jono1.jpg\" alt=\"Jono1\" width=\"1024\" height=\"426\" class=\"aligncenter size-full wp-image-813\" srcset=\"https:\/\/www.vaajakoskentera.com\/kurkocup13\/wp-content\/uploads\/sites\/5\/2013\/12\/Jono1.jpg 1024w, https:\/\/www.vaajakoskentera.com\/kurkocup13\/wp-content\/uploads\/sites\/5\/2013\/12\/Jono1-300x124.jpg 300w, https:\/\/www.vaajakoskentera.com\/kurkocup13\/wp-content\/uploads\/sites\/5\/2013\/12\/Jono1-150x62.jpg 150w\" sizes=\"auto, (max-width: 1024px) 100vw, 1024px\" \/><\/a><\/p>\n<p>S\u00e4\u00e4 ja olosuhteet helliv\u00e4t Jukola Reply -kurkov\u00e4ke\u00e4 oikein kunnolla: lumi valaisi mets\u00e4\u00e4, pakkasta oli ihanasti yhdeks\u00e4n astetta ja t\u00e4htitaivas s\u00e4teili kilpaa otsalamppujen kanssa. Ja sitten maaliin tultua oli iloisia punaposkia makkaravalkean loisteessa!<\/p>\n<p>&nbsp;<\/p>\n<p>Nandi ja Mersu kolasivat Sulunm\u00e4en lumiset rinteet tehokkaimmin. Niinp\u00e4 pisimpien ratojen ykk\u00f6ssijat matkasivat samaan tupaan J\u00e4ms\u00e4nkosken Paljakan kyl\u00e4lle. Aika selv\u00e4ll\u00e4 erolla muuhun porukkaan.<br \/>\nKurkoradalla ratamestarit kellottivat tarkoilla testijuoksuilla oikean ja vasemman tiekierron paremmuutta. Turhaan. Antti polki kakkoselle viivaa pitkin loppup\u00e4\u00e4n pellon etel\u00e4puolitse suoraan ja korkkasi rastin k\u00e4rjess\u00e4. J\u00e4i siis ep\u00e4selv\u00e4ksi, oliko parhaaksi valinnaksi ennakoitu vasen kierto sittenk\u00e4\u00e4n nopein. \u2013 Ykk\u00f6srastin j\u00e4lkeen oli aika rauhallista, tuumi Antti maalissa. Tossu oli ollut melko hyvin sy\u00f6nnill\u00e4\u00e4n, sill\u00e4 pient\u00e4 haparointia tuli matkan varrella viel\u00e4 kolmos- ja kuutosrasteille. Jonne Lakanen juoksi puolentoista minuutin p\u00e4\u00e4ss\u00e4 kakkoseksi ja Mikko Lepo reilun kolmen minuutin takamatkalla kolmanneksi.<br \/>\n\u2013 Jee, oli aivan huippua huomata saapuvansa rasteille k\u00e4rjess\u00e4, hihkui puolestaan Merja tampattuaan ensimm\u00e4isen\u00e4 j\u00e4ljet Gubbe\/Kurkotar\/Nassikka -radalle. \u2013 Kolmosella tilanne oli viel\u00e4 hieman ep\u00e4selv\u00e4, mutta alam\u00e4keen rullatessa muut j\u00e4iv\u00e4t. Siit\u00e4 eteenp\u00e4in j\u00e4nnitin mist\u00e4 valoja tuikkisi, jatkoi Merja hehkutusta. Sisko Maaret kamppaili itsens\u00e4 toiseksi ja Elina Alvoittu kolmanneksi.<br \/>\nGubbek\u00e4rki Pekka Noponen oli l\u00e4himp\u00e4n\u00e4 Merjan kantap\u00e4it\u00e4. Kuitenkin sen verran per\u00e4ss\u00e4, ett\u00e4 viimeisell\u00e4 leimatessa saattoi huudosta kuulla, ett\u00e4 Mersu juhli maalissa kaikkien Gubbejen voittoa. Ossi Heikkil\u00e4 h\u00e4visi Pekalle minuutin ja Jari Kaitaj\u00e4rvi muutaman sekunnin enemm\u00e4n.<br \/>\nNassikat voitti suvereenisti Otto Kaario ja Helpon El\u00e4m\u00e4n ykk\u00f6seksi kiirehti JRV:n tomera Viivi Voutilainen.<\/p>\n<p>&nbsp;<\/p>\n<p>Kartat: <a title=\"Kurkohajonnat\" href=\"http:\/\/www.vaajakoskentera.com\/kurkocup13\/wp-content\/uploads\/sites\/5\/2013\/12\/20131204_Kurkot.jpg\" target=\"_blank\">Kurkohajonnat<\/a>, <a title=\"Gubbehajonnat\" href=\"http:\/\/www.vaajakoskentera.com\/kurkocup13\/wp-content\/uploads\/sites\/5\/2013\/12\/20131204_Gubet.jpg\" target=\"_blank\">Gubbehajonnat<\/a> ja <a title=\"Helppo El\u00e4m\u00e4\" href=\"http:\/\/www.vaajakoskentera.com\/kurkocup13\/wp-content\/uploads\/sites\/5\/2013\/12\/20131204_Helppoelama.jpg\" target=\"_blank\">Helppo El\u00e4m\u00e4<\/a>.<\/p>\n<p>Tulokset: <a title=\"Kokonaistulokset\" href=\"http:\/\/www.vaajakoskentera.com\/kurkotuloksia\/2013\/20131204_kokonaistulokset.html\" target=\"_blank\">Kokonaistulokset<\/a>, <a title=\"Ratatulokset\" href=\"http:\/\/www.vaajakoskentera.com\/kurkotuloksia\/2013\/20131204_ratatulokset.html\" target=\"_blank\">Ratatulokset<\/a> ja <a title=\"V\u00e4liajat\" href=\"http:\/\/www.vaajakoskentera.com\/kurkotuloksia\/2013\/20131204_valiajat.html\" target=\"_blank\">V\u00e4liajat<\/a>.<\/p>\n<p>&nbsp;<\/p>\n<p>Touhon <a title=\"kuvia\" href=\"http:\/\/vaajte.kuvat.fi\/kuvat\/Jukola+Reply+eli+MersuNandi-n\u00e4yt\u00f6s\/\" target=\"_blank\">kuvia<\/a> Ter\u00e4n arkistossa.<\/p>\n<p>&nbsp;<\/p>\n<p>Jukola Reply -kurko vaikenee t\u00e4h\u00e4n. Kiitos kaikille osallistujille! J\u00e4ms\u00e4n kurko-organisaatio alkaa v\u00e4ng\u00e4t\u00e4 jalkaa syv\u00e4lle kurkokoneiston konehuoneeseen. Tarkoituksena on varmistaa, ettei Cupin mahdollinen rakenneuudistus pyyhi J\u00e4ms\u00e4n osakisaa pois ensi kauden kalenterista, vaan J\u00e4ms\u00e4ss\u00e4 kurkoillaan taas ensi syksyn\u00e4.<\/p>\n<p><a href=\"http:\/\/www.vaajakoskentera.com\/kurkocup13\/wp-content\/uploads\/sites\/5\/2013\/12\/Node1.jpg\"><img loading=\"lazy\" decoding=\"async\" src=\"http:\/\/www.vaajakoskentera.com\/kurkocup13\/wp-content\/uploads\/sites\/5\/2013\/12\/Node1.jpg\" alt=\"Node1\" width=\"1024\" height=\"682\" class=\"aligncenter size-full wp-image-812\" srcset=\"https:\/\/www.vaajakoskentera.com\/kurkocup13\/wp-content\/uploads\/sites\/5\/2013\/12\/Node1.jpg 1024w, https:\/\/www.vaajakoskentera.com\/kurkocup13\/wp-content\/uploads\/sites\/5\/2013\/12\/Node1-300x199.jpg 300w, https:\/\/www.vaajakoskentera.com\/kurkocup13\/wp-content\/uploads\/sites\/5\/2013\/12\/Node1-150x99.jpg 150w\" sizes=\"auto, (max-width: 1024px) 100vw, 1024px\" \/><\/a><\/p>\n<p>&nbsp;<\/p>\n","protected":false},"excerpt":{"rendered":"<p>&nbsp; S\u00e4\u00e4 ja olosuhteet helliv\u00e4t Jukola Reply -kurkov\u00e4ke\u00e4 oikein kunnolla: lumi valaisi mets\u00e4\u00e4, pakkasta oli ihanasti yhdeks\u00e4n astetta ja t\u00e4htitaivas s\u00e4teili kilpaa otsalamppujen kanssa. Ja sitten maaliin tultua oli iloisia punaposkia makkaravalkean loisteessa! &nbsp; Nandi ja Mersu kolasivat Sulunm\u00e4en lumiset rinteet tehokkaimmin. Niinp\u00e4 pisimpien ratojen ykk\u00f6ssijat matkasivat samaan tupaan J\u00e4ms\u00e4nkosken Paljakan kyl\u00e4lle. Aika selv\u00e4ll\u00e4 erolla [&hellip;]<\/p>\n","protected":false},"author":33,"featured_media":0,"comment_status":"open","ping_status":"open","sticky":false,"template":"","format":"standard","meta":{"_monsterinsights_skip_tracking":false,"_monsterinsights_sitenote_active":false,"_monsterinsights_sitenote_note":"","_monsterinsights_sitenote_category":0,"footnotes":""},"categories":[1],"tags":[],"class_list":["post-801","post","type-post","status-publish","format-standard","hentry","category-uutiset"],"_links":{"self":[{"href":"https:\/\/www.vaajakoskentera.com\/kurkocup13\/wp-json\/wp\/v2\/posts\/801","targetHints":{"allow":["GET"]}}],"collection":[{"href":"https:\/\/www.vaajakoskentera.com\/kurkocup13\/wp-json\/wp\/v2\/posts"}],"about":[{"href":"https:\/\/www.vaajakoskentera.com\/kurkocup13\/wp-json\/wp\/v2\/types\/post"}],"author":[{"embeddable":true,"href":"https:\/\/www.vaajakoskentera.com\/kurkocup13\/wp-json\/wp\/v2\/users\/33"}],"replies":[{"embeddable":true,"href":"https:\/\/www.vaajakoskentera.com\/kurkocup13\/wp-json\/wp\/v2\/comments?post=801"}],"version-history":[{"count":9,"href":"https:\/\/www.vaajakoskentera.com\/kurkocup13\/wp-json\/wp\/v2\/posts\/801\/revisions"}],"predecessor-version":[{"id":816,"href":"https:\/\/www.vaajakoskentera.com\/kurkocup13\/wp-json\/wp\/v2\/posts\/801\/revisions\/816"}],"wp:attachment":[{"href":"https:\/\/www.vaajakoskentera.com\/kurkocup13\/wp-json\/wp\/v2\/media?parent=801"}],"wp:term":[{"taxonomy":"category","embeddable":true,"href":"https:\/\/www.vaajakoskentera.com\/kurkocup13\/wp-json\/wp\/v2\/categories?post=801"},{"taxonomy":"post_tag","embeddable":true,"href":"https:\/\/www.vaajakoskentera.com\/kurkocup13\/wp-json\/wp\/v2\/tags?post=801"}],"curies":[{"name":"wp","href":"https:\/\/api.w.org\/{rel}","templated":true}]}}