{"id":788,"date":"2013-12-07T21:00:55","date_gmt":"2013-12-07T19:00:55","guid":{"rendered":"http:\/\/www.vaajakoskentera.com\/kurkocup13\/?p=788"},"modified":"2013-12-07T21:06:36","modified_gmt":"2013-12-07T19:06:36","slug":"hajoaako-letkat-mylly-kurkossa","status":"publish","type":"post","link":"https:\/\/www.vaajakoskentera.com\/kurkocup13\/2013\/12\/07\/hajoaako-letkat-mylly-kurkossa\/","title":{"rendered":"Hajoaako letkat Mylly-kurkossa?"},"content":{"rendered":"<p>Kuluvan kauden kurkoiluissa on n\u00e4hty mit\u00e4 hienoimpia ja tarkempaa tarkastelua kest\u00e4m\u00e4tt\u00f6mi\u00e4 hajontamenetelmi\u00e4. Ratamestarit ovat sekoittaneet letkoja kaikilla tunnetuilla ja muutamalla viel\u00e4 Urheilun oikeusturvalautakunnan lausuntoa odottavalla luomuksella. T\u00e4t\u00e4 samaa, vain pimeimpiin \u00f6ihin sopivaa sarjaa jatketaan my\u00f6s Mylly-kurkossa.<\/p>\n<div id=\"attachment_798\" style=\"width: 650px\" class=\"wp-caption aligncenter\"><a href=\"http:\/\/www.vaajakoskentera.com\/kurkocup13\/wp-content\/uploads\/sites\/5\/2013\/12\/jyrk\u00e4nne.jpg\"><img loading=\"lazy\" decoding=\"async\" aria-describedby=\"caption-attachment-798\" class=\" wp-image-798 \" alt=\"Koodi 36\" src=\"http:\/\/www.vaajakoskentera.com\/kurkocup13\/wp-content\/uploads\/sites\/5\/2013\/12\/jyrk\u00e4nne.jpg\" width=\"640\" height=\"278\" srcset=\"https:\/\/www.vaajakoskentera.com\/kurkocup13\/wp-content\/uploads\/sites\/5\/2013\/12\/jyrk\u00e4nne.jpg 1024w, https:\/\/www.vaajakoskentera.com\/kurkocup13\/wp-content\/uploads\/sites\/5\/2013\/12\/jyrk\u00e4nne-300x130.jpg 300w, https:\/\/www.vaajakoskentera.com\/kurkocup13\/wp-content\/uploads\/sites\/5\/2013\/12\/jyrk\u00e4nne-150x65.jpg 150w\" sizes=\"auto, (max-width: 640px) 100vw, 640px\" \/><\/a><p id=\"caption-attachment-798\" class=\"wp-caption-text\">Koodi 36<\/p><\/div>\n<p>T\u00e4m\u00e4n vuoden finaali juostaan Myllyvuoren ikikuusikossa Tikkalassa. Samassa maastossa Suunta Jyv\u00e4kyl\u00e4 j\u00e4rjesti kahden keskimatkan kansalliset kilpailut kes\u00e4kuussa. Tuolloin kilpailun kuningas oli Antti Nurmonen, joka pystyi pit\u00e4m\u00e4\u00e4n alle kuuden minuutin kilometrivauhtia. T\u00e4m\u00e4 kilometrivauhti kertoo poikkeuksellisen hyv\u00e4st\u00e4 kulkukelpoisuudesta keskisuomalaiselle maastolle. Ratamestarin casio-menetelm\u00e4ll\u00e4 arvioitu haamuaika 5.9 km kurkoradalle on 46 minuuttia ja 4.6 km gubberadalle 37 minuuttia. N\u00e4iden aikojen juokseminen edellytt\u00e4\u00e4 vuorikauriin kinttujen, kirkkaan lampun ja \u2013ajatuksen ja alla olevien ohjeiden ymm\u00e4rt\u00e4misen lis\u00e4ksi sen, ett\u00e4 lunta ei ole ehtinyt kerty\u00e4 kovin paljon yli nilkan.<\/p>\n<div id=\"attachment_791\" style=\"width: 716px\" class=\"wp-caption aligncenter\"><a href=\"http:\/\/www.vaajakoskentera.com\/kurkocup13\/wp-content\/uploads\/sites\/5\/2013\/12\/mallikartta2.jpg\"><img loading=\"lazy\" decoding=\"async\" aria-describedby=\"caption-attachment-791\" class=\"size-full wp-image-791\" alt=\"Harjoitus- ja kilpailukieltoalue\" src=\"http:\/\/www.vaajakoskentera.com\/kurkocup13\/wp-content\/uploads\/sites\/5\/2013\/12\/mallikartta2.jpg\" width=\"706\" height=\"312\" srcset=\"https:\/\/www.vaajakoskentera.com\/kurkocup13\/wp-content\/uploads\/sites\/5\/2013\/12\/mallikartta2.jpg 706w, https:\/\/www.vaajakoskentera.com\/kurkocup13\/wp-content\/uploads\/sites\/5\/2013\/12\/mallikartta2-300x132.jpg 300w, https:\/\/www.vaajakoskentera.com\/kurkocup13\/wp-content\/uploads\/sites\/5\/2013\/12\/mallikartta2-150x66.jpg 150w\" sizes=\"auto, (max-width: 706px) 100vw, 706px\" \/><\/a><p id=\"caption-attachment-791\" class=\"wp-caption-text\">Harjoitus- ja kilpailukieltoalue<\/p><\/div>\n<p>Kurko- ja gubbekartta on t\u00e4ll\u00e4 kertaa A3 kokoinen. Kartalla on nelj\u00e4 rataa, jotka juostaan vasemmasta yl\u00e4kulmasta alkaen ks. kuva. Rastien numerointi alkaa jokaisella radalla alusta. Rastinumeron viereen on tulostettu koodi. Saatavilla ei ole irrallisia eik\u00e4 karttaan tulostettuja rastim\u00e4\u00e4ritteit\u00e4. Helpolla el\u00e4m\u00e4ll\u00e4 kartta on A4 ja radalla matkaa 2km. Kartat on valmiiksi pussitettu.<\/p>\n<div id=\"attachment_790\" style=\"width: 513px\" class=\"wp-caption aligncenter\"><a href=\"http:\/\/www.vaajakoskentera.com\/kurkocup13\/wp-content\/uploads\/sites\/5\/2013\/12\/malli.jpg\"><img loading=\"lazy\" decoding=\"async\" aria-describedby=\"caption-attachment-790\" class=\" wp-image-790 \" alt=\"Hajontalenkit oikeassa j\u00e4rjestyksess\u00e4!\" src=\"http:\/\/www.vaajakoskentera.com\/kurkocup13\/wp-content\/uploads\/sites\/5\/2013\/12\/malli.jpg\" width=\"503\" height=\"364\" srcset=\"https:\/\/www.vaajakoskentera.com\/kurkocup13\/wp-content\/uploads\/sites\/5\/2013\/12\/malli.jpg 838w, https:\/\/www.vaajakoskentera.com\/kurkocup13\/wp-content\/uploads\/sites\/5\/2013\/12\/malli-300x217.jpg 300w, https:\/\/www.vaajakoskentera.com\/kurkocup13\/wp-content\/uploads\/sites\/5\/2013\/12\/malli-150x108.jpg 150w\" sizes=\"auto, (max-width: 503px) 100vw, 503px\" \/><\/a><p id=\"caption-attachment-790\" class=\"wp-caption-text\">Hajontalenkit oikeassa j\u00e4rjestyksess\u00e4!<\/p><\/div>\n<p>Kurkon hermokeskus sijaitsee <a href=\"http:\/\/kansalaisen.karttapaikka.fi\/linkki?scale=16000&amp;text=Mylly-kurko&amp;srs=EPSG%3A3067&amp;y=6894174&amp;x=417625&amp;lang=fi\" target=\"_blank\">Pataj\u00e4rventien ja Hangasj\u00e4rventien risteyksess\u00e4<\/a>. Paikoitus tapahtuu Pataj\u00e4rventien varteen, risteyksest\u00e4 Jyv\u00e4skyl\u00e4\u00e4n p\u00e4in. Opastus alkaa tielt\u00e4 16607, <a href=\"http:\/\/kansalaisen.karttapaikka.fi\/linkki?scale=40000&amp;text=Mylly-kurko+opastus&amp;srs=EPSG%3A3067&amp;y=6892674&amp;x=420635&amp;lang=fi\" target=\"_blank\">Pataj\u00e4rventien risteyksest\u00e4<\/a>.<\/p>\n<p>Opastettu retki l\u00e4ht\u00f6paikalle l\u00e4htee klo 18.00 kilpailukeskuksesta. Matkaa l\u00e4ht\u00f6\u00f6n on n. 500m. Yhteisl\u00e4ht\u00f6 tapahtuu pian l\u00e4ht\u00f6paikan l\u00f6ytymisen j\u00e4lkeen\u2026<\/p>\n<p>Tervetuloa!<\/p>\n","protected":false},"excerpt":{"rendered":"<p>Kuluvan kauden kurkoiluissa on n\u00e4hty mit\u00e4 hienoimpia ja tarkempaa tarkastelua kest\u00e4m\u00e4tt\u00f6mi\u00e4 hajontamenetelmi\u00e4. Ratamestarit ovat sekoittaneet letkoja kaikilla tunnetuilla ja muutamalla viel\u00e4 Urheilun oikeusturvalautakunnan lausuntoa odottavalla luomuksella. T\u00e4t\u00e4 samaa, vain pimeimpiin \u00f6ihin sopivaa sarjaa jatketaan my\u00f6s Mylly-kurkossa. T\u00e4m\u00e4n vuoden finaali juostaan Myllyvuoren ikikuusikossa Tikkalassa. Samassa maastossa Suunta Jyv\u00e4kyl\u00e4 j\u00e4rjesti kahden keskimatkan kansalliset kilpailut kes\u00e4kuussa. Tuolloin kilpailun [&hellip;]<\/p>\n","protected":false},"author":34,"featured_media":797,"comment_status":"open","ping_status":"open","sticky":false,"template":"","format":"standard","meta":{"_monsterinsights_skip_tracking":false,"_monsterinsights_sitenote_active":false,"_monsterinsights_sitenote_note":"","_monsterinsights_sitenote_category":0,"footnotes":""},"categories":[1],"tags":[],"class_list":["post-788","post","type-post","status-publish","format-standard","has-post-thumbnail","hentry","category-uutiset"],"_links":{"self":[{"href":"https:\/\/www.vaajakoskentera.com\/kurkocup13\/wp-json\/wp\/v2\/posts\/788","targetHints":{"allow":["GET"]}}],"collection":[{"href":"https:\/\/www.vaajakoskentera.com\/kurkocup13\/wp-json\/wp\/v2\/posts"}],"about":[{"href":"https:\/\/www.vaajakoskentera.com\/kurkocup13\/wp-json\/wp\/v2\/types\/post"}],"author":[{"embeddable":true,"href":"https:\/\/www.vaajakoskentera.com\/kurkocup13\/wp-json\/wp\/v2\/users\/34"}],"replies":[{"embeddable":true,"href":"https:\/\/www.vaajakoskentera.com\/kurkocup13\/wp-json\/wp\/v2\/comments?post=788"}],"version-history":[{"count":5,"href":"https:\/\/www.vaajakoskentera.com\/kurkocup13\/wp-json\/wp\/v2\/posts\/788\/revisions"}],"predecessor-version":[{"id":818,"href":"https:\/\/www.vaajakoskentera.com\/kurkocup13\/wp-json\/wp\/v2\/posts\/788\/revisions\/818"}],"wp:featuredmedia":[{"embeddable":true,"href":"https:\/\/www.vaajakoskentera.com\/kurkocup13\/wp-json\/wp\/v2\/media\/797"}],"wp:attachment":[{"href":"https:\/\/www.vaajakoskentera.com\/kurkocup13\/wp-json\/wp\/v2\/media?parent=788"}],"wp:term":[{"taxonomy":"category","embeddable":true,"href":"https:\/\/www.vaajakoskentera.com\/kurkocup13\/wp-json\/wp\/v2\/categories?post=788"},{"taxonomy":"post_tag","embeddable":true,"href":"https:\/\/www.vaajakoskentera.com\/kurkocup13\/wp-json\/wp\/v2\/tags?post=788"}],"curies":[{"name":"wp","href":"https:\/\/api.w.org\/{rel}","templated":true}]}}