{"id":763,"date":"2013-11-30T12:59:48","date_gmt":"2013-11-30T10:59:48","guid":{"rendered":"http:\/\/www.vaajakoskentera.com\/kurkocup13\/?p=763"},"modified":"2013-11-30T13:01:29","modified_gmt":"2013-11-30T11:01:29","slug":"jukola-replay-kurko-tama-pitaa-kokea","status":"publish","type":"post","link":"https:\/\/www.vaajakoskentera.com\/kurkocup13\/2013\/11\/30\/jukola-replay-kurko-tama-pitaa-kokea\/","title":{"rendered":"Jukola Repl(a)y-kurko \u2013 T\u00e4m\u00e4 pit\u00e4\u00e4 kokea!"},"content":{"rendered":"<p>&nbsp;<\/p>\n<div id=\"attachment_765\" style=\"width: 650px\" class=\"wp-caption aligncenter\"><a href=\"http:\/\/www.vaajakoskentera.com\/kurkocup13\/wp-content\/uploads\/sites\/5\/2013\/11\/20131204_Jukolanlahto.jpg\"><img loading=\"lazy\" decoding=\"async\" aria-describedby=\"caption-attachment-765\" class=\"size-full wp-image-765\" alt=\"Kurkov\u00e4ki s\u00e4nt\u00e4\u00e4 n\u00e4iden miesten j\u00e4ljille. J\u00e4ms\u00e4-Jukolan nautinto otetaan uusiksi!\" src=\"http:\/\/www.vaajakoskentera.com\/kurkocup13\/wp-content\/uploads\/sites\/5\/2013\/11\/20131204_Jukolanlahto.jpg\" width=\"640\" height=\"256\" srcset=\"https:\/\/www.vaajakoskentera.com\/kurkocup13\/wp-content\/uploads\/sites\/5\/2013\/11\/20131204_Jukolanlahto.jpg 640w, https:\/\/www.vaajakoskentera.com\/kurkocup13\/wp-content\/uploads\/sites\/5\/2013\/11\/20131204_Jukolanlahto-300x120.jpg 300w, https:\/\/www.vaajakoskentera.com\/kurkocup13\/wp-content\/uploads\/sites\/5\/2013\/11\/20131204_Jukolanlahto-150x60.jpg 150w\" sizes=\"auto, (max-width: 640px) 100vw, 640px\" \/><\/a><p id=\"caption-attachment-765\" class=\"wp-caption-text\">Kurkov\u00e4ki s\u00e4nt\u00e4\u00e4 n\u00e4iden miesten j\u00e4ljille. J\u00e4ms\u00e4-Jukolan nautinto otetaan uusiksi!<\/p><\/div>\n<p>&nbsp;<\/p>\n<p>Tuskin on ehtinyt p\u00f6ly laskeutua Myllym\u00e4en kankailla kuluneen <a title=\"suunnistuskes\u00e4n huipputapahtuman\" href=\"http:\/\/www.youtube.com\/watch?v=z46WC4Ts47g\" target=\"_blank\">suunnistuskes\u00e4n huipputapahtuman<\/a> j\u00e4ljilt\u00e4, kun Kurkokiertue tekee paluun samoihin metsiin. Vangonm\u00e4en siloiset m\u00e4ntykankaat ja Sulunm\u00e4en ihanan jyrkk\u00e4 \u2013 ja korkea \u2013 penkka haastavat taas kokeilemaan, kuinka suunnistustaito ja juoksuvauhti ovat tikiss\u00e4 ja kesken\u00e4\u00e4n balanssissa.<\/p>\n<p>Tulossa on vauhdikas tapahtuma! Ratamestarit ovat etsineet n\u00e4ill\u00e4 palstoilla per\u00e4\u00e4nkuulutettua kansainv\u00e4list\u00e4 meininki\u00e4 ja siit\u00e4 syyst\u00e4 J\u00e4ms\u00e4ss\u00e4 vedet\u00e4\u00e4n karkeilla linjoilla sek\u00e4 selkeill\u00e4 toteutuksilla. KurkoCup \u2013 l\u00e4hd\u00f6iss\u00e4 on perinteisesti ollut iloisen rempse\u00e4 yhteis\u00f6llinen tunnelma, jota halutaan nyt jatkaa hieman tavanomaista kauemmin. Nopean vilkaisun perusteella n\u00e4ytet\u00e4\u00e4nkin p\u00e4\u00e4tyneen ratkaisuun, jossa ik\u00e4v\u00e4n yleiseksi k\u00e4ynytt\u00e4 osallistujajoukon hajottamista pienempiin porukoihin ei nyt aktiivisesti yritet\u00e4. Eroja syntynee reitinvalintojen, sujuvan toteutuksen ja kunkin suunnistajan lenkkihistorian perusteella \u2013 tai niiden yhdistelmin\u00e4.<\/p>\n<div id=\"attachment_766\" style=\"width: 650px\" class=\"wp-caption aligncenter\"><a href=\"http:\/\/www.vaajakoskentera.com\/kurkocup13\/wp-content\/uploads\/sites\/5\/2013\/11\/20131204_Kivi.jpg\"><img loading=\"lazy\" decoding=\"async\" aria-describedby=\"caption-attachment-766\" class=\"size-full wp-image-766\" alt=\"Valmiina ollaan! T\u00e4m\u00e4n kiven ymp\u00e4rill\u00e4 n\u00e4ht\u00e4neen taas kiivasta menoa. \" src=\"http:\/\/www.vaajakoskentera.com\/kurkocup13\/wp-content\/uploads\/sites\/5\/2013\/11\/20131204_Kivi.jpg\" width=\"640\" height=\"256\" srcset=\"https:\/\/www.vaajakoskentera.com\/kurkocup13\/wp-content\/uploads\/sites\/5\/2013\/11\/20131204_Kivi.jpg 640w, https:\/\/www.vaajakoskentera.com\/kurkocup13\/wp-content\/uploads\/sites\/5\/2013\/11\/20131204_Kivi-300x120.jpg 300w, https:\/\/www.vaajakoskentera.com\/kurkocup13\/wp-content\/uploads\/sites\/5\/2013\/11\/20131204_Kivi-150x60.jpg 150w\" sizes=\"auto, (max-width: 640px) 100vw, 640px\" \/><\/a><p id=\"caption-attachment-766\" class=\"wp-caption-text\">Valmiina ollaan! T\u00e4m\u00e4n kiven ymp\u00e4rill\u00e4 n\u00e4ht\u00e4neen taas kiivasta menoa.<\/p><\/div>\n<p>Jukolan uriakin voi juostessaan paikoin edelleen hy\u00f6dynt\u00e4\u00e4. Ja t\u00e4t\u00e4h\u00e4n ei voinut v\u00e4ltt\u00e4\u00e4: <a title=\"rasti 157\" href=\"http:\/\/www.youtube.com\/watch?v=rzZ-qZjzifY\" target=\"_blank\">rasti 157<\/a> (reipasta menoa noin 17 minuutin kohdalla) tekee paluun! <a href=\"http:\/\/www.vaajakoskentera.com\/kurkocup13\/wp-content\/uploads\/sites\/5\/2013\/11\/20131204_kivi.pdf\" target=\"_blank\">Viaton kivi<\/a> koki kes\u00e4ll\u00e4 ymp\u00e4rill\u00e4\u00e4n kiivaita hetki\u00e4. Olkaa nopeita tai k\u00e4rsiv\u00e4llisi\u00e4, nyt on todellakin tarjolla vain yksi kapula per rasti.<\/p>\n<p>Ratapituudet ovat ajank\u00e4yt\u00f6lt\u00e4\u00e4n perinteiset. Matkassa se tarkoittaa Kurkoilla reipasta seiskaa, gubeilla, kurkottarilla ja nassikoilla reipasta vitosta ja helpossa el\u00e4m\u00e4ss\u00e4 alle kolmea kilometri\u00e4. Puhdasta nautintoa! Kurkokartat ovat kokoa A3, muut kokoa A4. Koska sata varmasti suurin osa kurkoista varaa itselleen vanhasta muistista pienemm\u00e4n karttakotelon, niin t\u00e4ll\u00e4 kertaa Kurkosarjan kartat on valmiiksi \u2013 s\u00e4\u00e4list\u00e4 \u2013 koteloissa. Muiden sarjojen suunnistajat huolehtivat itse karttakotelon mukaansa. Kartta on laadultaan maailman huippua. T\u00e4ll\u00e4 kertaa talonkokoinen kivi on varmasti kartalla.<\/p>\n<p>KurkoCup \u2013 testijuoksujen tuloksena jouduimme purkamaan maastosta yhden korkeaj\u00e4nnites\u00e4hk\u00f6linjan, sill\u00e4 sen magneettikenttiin aiheuttaman h\u00e4iri\u00f6n todettiin n\u00e4kyv\u00e4n kompassineuloissa mystisen\u00e4 jaksottaisena py\u00f6rimisefektin\u00e4. Muutos on p\u00e4ivitetty karttaan. Jos kuitenkin j\u00e4\u00e4nteit\u00e4 t\u00e4st\u00e4 h\u00e4iri\u00f6st\u00e4 suunnistaessa havaitsee, voi sen laittaa tuohon piikkiin. Ja jatkaa m\u00e4\u00e4r\u00e4tietoisesti valitsemallaan tiell\u00e4.<br \/>\nPidemm\u00e4t radat ylitt\u00e4v\u00e4t t\u00e4ss\u00e4 vaiheessa viel\u00e4 suurena salaisuutena pidett\u00e4v\u00e4n maantien. Ylityksiss\u00e4 ei ole valvontaa, joten olkaa tiell\u00e4 juostessa varovaisia! J\u00e4rjest\u00e4j\u00e4n puolelta kiellet\u00e4\u00e4n riskien otto tien ylityksiss\u00e4 sek\u00e4 niiden avulla kaverin pudottaminen kantap\u00e4ilt\u00e4. Jokainen suunnistaa omalla vastuullaan.<\/p>\n<div id=\"attachment_767\" style=\"width: 650px\" class=\"wp-caption aligncenter\"><a href=\"http:\/\/www.vaajakoskentera.com\/kurkocup13\/wp-content\/uploads\/sites\/5\/2013\/11\/20131204_Ratkaisun-paikat.jpg\"><img loading=\"lazy\" decoding=\"async\" aria-describedby=\"caption-attachment-767\" src=\"http:\/\/www.vaajakoskentera.com\/kurkocup13\/wp-content\/uploads\/sites\/5\/2013\/11\/20131204_Ratkaisun-paikat.jpg\" alt=\"Ratkaisun paikat!\" width=\"640\" height=\"359\" class=\"size-full wp-image-767\" srcset=\"https:\/\/www.vaajakoskentera.com\/kurkocup13\/wp-content\/uploads\/sites\/5\/2013\/11\/20131204_Ratkaisun-paikat.jpg 640w, https:\/\/www.vaajakoskentera.com\/kurkocup13\/wp-content\/uploads\/sites\/5\/2013\/11\/20131204_Ratkaisun-paikat-300x168.jpg 300w, https:\/\/www.vaajakoskentera.com\/kurkocup13\/wp-content\/uploads\/sites\/5\/2013\/11\/20131204_Ratkaisun-paikat-150x84.jpg 150w\" sizes=\"auto, (max-width: 640px) 100vw, 640px\" \/><\/a><p id=\"caption-attachment-767\" class=\"wp-caption-text\">T\u00e4ll\u00e4 alueella ratkottiin J\u00e4ms\u00e4-Jukolassa k\u00e4rkisijoja. My\u00f6s kurkoilijat p\u00e4\u00e4sev\u00e4t haravoimaan metsittyneen hiekkakuopan pohjia.<\/p><\/div>\n<p>Jukola n\u00e4kyy J\u00e4ms\u00e4ss\u00e4 viel\u00e4 kauan. Yhten\u00e4 esimerkkin\u00e4 se, ett\u00e4 erilaista Jukola-kamaa on my\u00f6s KurkoCup-porukoille tarjolla. Pyyd\u00e4 siis kotoa taskurahaa reissulle mukaan. Satsi maailman parasta suunnistuslakua varmistaa iltalomat my\u00f6s tulevalle Kurkokaudelle!<\/p>\n<p>&nbsp;<\/p>\n<p><a title=\"Tapahtumakeskus\" href=\"http:\/\/kansalaisen.karttapaikka.fi\/kartanhaku\/osoitehaku.html?x=401469&amp;y=6866324&amp;srs=EPSG:3067&amp;text=Jukola+Reply+-kurko&amp;scale=16000&amp;action=link&amp;mode=&amp;lang=fi\" target=\"_blank\">Tapahtumakeskus<\/a> viritet\u00e4\u00e4n Jukola-areenan l\u00e4nsipuolelle. Opastuksentynk\u00e4\u00e4 laitetaan M\u00e4nt\u00e4n tien risteyksest\u00e4 alkaen.<\/p>\n<p>&nbsp;<\/p>\n<p>Tervetuloa verest\u00e4m\u00e4\u00e4n J\u00e4ms\u00e4-Jukola -tunnelmia!<\/p>\n<p>&nbsp;<\/p>\n","protected":false},"excerpt":{"rendered":"<p>&nbsp; &nbsp; Tuskin on ehtinyt p\u00f6ly laskeutua Myllym\u00e4en kankailla kuluneen suunnistuskes\u00e4n huipputapahtuman j\u00e4ljilt\u00e4, kun Kurkokiertue tekee paluun samoihin metsiin. Vangonm\u00e4en siloiset m\u00e4ntykankaat ja Sulunm\u00e4en ihanan jyrkk\u00e4 \u2013 ja korkea \u2013 penkka haastavat taas kokeilemaan, kuinka suunnistustaito ja juoksuvauhti ovat tikiss\u00e4 ja kesken\u00e4\u00e4n balanssissa. Tulossa on vauhdikas tapahtuma! Ratamestarit ovat etsineet n\u00e4ill\u00e4 palstoilla per\u00e4\u00e4nkuulutettua kansainv\u00e4list\u00e4 meininki\u00e4 [&hellip;]<\/p>\n","protected":false},"author":33,"featured_media":0,"comment_status":"open","ping_status":"open","sticky":false,"template":"","format":"standard","meta":{"_monsterinsights_skip_tracking":false,"_monsterinsights_sitenote_active":false,"_monsterinsights_sitenote_note":"","_monsterinsights_sitenote_category":0,"footnotes":""},"categories":[1],"tags":[],"class_list":["post-763","post","type-post","status-publish","format-standard","hentry","category-uutiset"],"_links":{"self":[{"href":"https:\/\/www.vaajakoskentera.com\/kurkocup13\/wp-json\/wp\/v2\/posts\/763","targetHints":{"allow":["GET"]}}],"collection":[{"href":"https:\/\/www.vaajakoskentera.com\/kurkocup13\/wp-json\/wp\/v2\/posts"}],"about":[{"href":"https:\/\/www.vaajakoskentera.com\/kurkocup13\/wp-json\/wp\/v2\/types\/post"}],"author":[{"embeddable":true,"href":"https:\/\/www.vaajakoskentera.com\/kurkocup13\/wp-json\/wp\/v2\/users\/33"}],"replies":[{"embeddable":true,"href":"https:\/\/www.vaajakoskentera.com\/kurkocup13\/wp-json\/wp\/v2\/comments?post=763"}],"version-history":[{"count":17,"href":"https:\/\/www.vaajakoskentera.com\/kurkocup13\/wp-json\/wp\/v2\/posts\/763\/revisions"}],"predecessor-version":[{"id":785,"href":"https:\/\/www.vaajakoskentera.com\/kurkocup13\/wp-json\/wp\/v2\/posts\/763\/revisions\/785"}],"wp:attachment":[{"href":"https:\/\/www.vaajakoskentera.com\/kurkocup13\/wp-json\/wp\/v2\/media?parent=763"}],"wp:term":[{"taxonomy":"category","embeddable":true,"href":"https:\/\/www.vaajakoskentera.com\/kurkocup13\/wp-json\/wp\/v2\/categories?post=763"},{"taxonomy":"post_tag","embeddable":true,"href":"https:\/\/www.vaajakoskentera.com\/kurkocup13\/wp-json\/wp\/v2\/tags?post=763"}],"curies":[{"name":"wp","href":"https:\/\/api.w.org\/{rel}","templated":true}]}}